{"id":1934,"date":"2025-07-02T09:56:51","date_gmt":"2025-07-02T09:56:51","guid":{"rendered":"http:\/\/192.168.0.235\/drill\/?p=1934"},"modified":"2025-07-11T17:42:39","modified_gmt":"2025-07-11T17:42:39","slug":"he-has-give-you-peace-mind-knowing-that-if-more","status":"publish","type":"post","link":"https:\/\/projeto87.doi2versos.com.br\/index.php\/2025\/07\/02\/he-has-give-you-peace-mind-knowing-that-if-more\/","title":{"rendered":"A import\u00e2ncia de integrar o plano clim\u00e1tico ao Plano Diretor Municipal"},"content":{"rendered":"\t\t<div data-elementor-type=\"wp-post\" data-elementor-id=\"1934\" class=\"elementor elementor-1934\">\n\t\t\t\t<div class=\"elementor-element elementor-element-61d4f8aa e-flex e-con-boxed rt-default-class e-con e-parent\" data-id=\"61d4f8aa\" data-element_type=\"container\">\n\t\t\t\t\t<div class=\"e-con-inner\">\n\t\t\t\t<div class=\"elementor-element elementor-element-44d6125c rt-default-class elementor-widget elementor-widget-text-editor\" data-id=\"44d6125c\" data-element_type=\"widget\" data-widget_type=\"text-editor.default\">\n\t\t\t\t<div class=\"elementor-widget-container\">\n\t\t\t\t\t\t\t\t\t\n<p><b>Introdu\u00e7\u00e3o:<\/b><b><br \/><\/b><span style=\"font-weight: 400;\"> Um dos erros mais comuns nas administra\u00e7\u00f5es p\u00fablicas \u00e9 tratar os planos setoriais de forma isolada. Quando o plano clim\u00e1tico \u00e9 integrado ao Plano Diretor, os ganhos em efetividade e governan\u00e7a s\u00e3o significativos.<\/span><\/p>\n<p><b>Desenvolvimento:<\/b><b><br \/><\/b><span style=\"font-weight: 400;\"> O Plano Diretor estabelece as diretrizes para o uso e ocupa\u00e7\u00e3o do solo urbano. J\u00e1 o plano clim\u00e1tico identifica vulnerabilidades e prop\u00f5e a\u00e7\u00f5es para adapta\u00e7\u00e3o \u00e0s mudan\u00e7as ambientais. Se esses dois documentos n\u00e3o conversam, pol\u00edticas p\u00fablicas podem se sobrepor, entrar em conflito ou simplesmente n\u00e3o funcionar.<\/span><span style=\"font-weight: 400;\"><br \/><\/span><span style=\"font-weight: 400;\"> A integra\u00e7\u00e3o desses instrumentos garante que a expans\u00e3o urbana ocorra de forma segura e resiliente, evitando a ocupa\u00e7\u00e3o de \u00e1reas de risco e promovendo infraestrutura adaptada. Al\u00e9m disso, fortalece o cumprimento de metas ambientais e aumenta a elegibilidade a editais de financiamento.<\/span><\/p>\n<p><b>Conclus\u00e3o:<\/b><b><br \/><\/b><span style=\"font-weight: 400;\"> Integrar o plano clim\u00e1tico ao Plano Diretor n\u00e3o \u00e9 apenas uma boa pr\u00e1tica t\u00e9cnica \u2014 \u00e9 uma estrat\u00e9gia inteligente de gest\u00e3o. A Inovaclima oferece suporte completo para alinhar esses instrumentos com foco em resultados e conformidade legal.<\/span><\/p>\n\t\t\t\t\t\t\t\t<\/div>\n\t\t\t\t<\/div>\n\t\t\t\t\t<\/div>\n\t\t\t\t<\/div>\n\t\t\t\t<\/div>\n\t\t","protected":false},"excerpt":{"rendered":"<p>Introdu\u00e7\u00e3o: Um dos erros mais comuns nas administra\u00e7\u00f5es p\u00fablicas \u00e9 tratar os planos setoriais de forma isolada. Quando o plano clim\u00e1tico \u00e9 integrado ao Plano Diretor, os ganhos em efetividade e governan\u00e7a s\u00e3o significativos. Desenvolvimento: O Plano Diretor estabelece as diretrizes para o uso e ocupa\u00e7\u00e3o do solo urbano. J\u00e1 o plano clim\u00e1tico identifica vulnerabilidades&#8230;<\/p>\n","protected":false},"author":1,"featured_media":11137,"comment_status":"open","ping_status":"open","sticky":false,"template":"","format":"standard","meta":{"footnotes":""},"categories":[1],"tags":[24,25,35],"class_list":["post-1934","post","type-post","status-publish","format-standard","has-post-thumbnail","hentry","category-uncategorized","tag-energy","tag-fan","tag-solar"],"aioseo_notices":[],"_links":{"self":[{"href":"https:\/\/projeto87.doi2versos.com.br\/index.php\/wp-json\/wp\/v2\/posts\/1934","targetHints":{"allow":["GET"]}}],"collection":[{"href":"https:\/\/projeto87.doi2versos.com.br\/index.php\/wp-json\/wp\/v2\/posts"}],"about":[{"href":"https:\/\/projeto87.doi2versos.com.br\/index.php\/wp-json\/wp\/v2\/types\/post"}],"author":[{"embeddable":true,"href":"https:\/\/projeto87.doi2versos.com.br\/index.php\/wp-json\/wp\/v2\/users\/1"}],"replies":[{"embeddable":true,"href":"https:\/\/projeto87.doi2versos.com.br\/index.php\/wp-json\/wp\/v2\/comments?post=1934"}],"version-history":[{"count":4,"href":"https:\/\/projeto87.doi2versos.com.br\/index.php\/wp-json\/wp\/v2\/posts\/1934\/revisions"}],"predecessor-version":[{"id":10939,"href":"https:\/\/projeto87.doi2versos.com.br\/index.php\/wp-json\/wp\/v2\/posts\/1934\/revisions\/10939"}],"wp:featuredmedia":[{"embeddable":true,"href":"https:\/\/projeto87.doi2versos.com.br\/index.php\/wp-json\/wp\/v2\/media\/11137"}],"wp:attachment":[{"href":"https:\/\/projeto87.doi2versos.com.br\/index.php\/wp-json\/wp\/v2\/media?parent=1934"}],"wp:term":[{"taxonomy":"category","embeddable":true,"href":"https:\/\/projeto87.doi2versos.com.br\/index.php\/wp-json\/wp\/v2\/categories?post=1934"},{"taxonomy":"post_tag","embeddable":true,"href":"https:\/\/projeto87.doi2versos.com.br\/index.php\/wp-json\/wp\/v2\/tags?post=1934"}],"curies":[{"name":"wp","href":"https:\/\/api.w.org\/{rel}","templated":true}]}}