{"id":1927,"date":"2025-07-02T09:52:49","date_gmt":"2025-07-02T09:52:49","guid":{"rendered":"http:\/\/192.168.0.235\/drill\/?p=1927"},"modified":"2025-07-11T17:42:37","modified_gmt":"2025-07-11T17:42:37","slug":"this-will-give-you-peace-mind-knowing-that-if-something","status":"publish","type":"post","link":"https:\/\/projeto87.doi2versos.com.br\/index.php\/2025\/07\/02\/this-will-give-you-peace-mind-knowing-that-if-something\/","title":{"rendered":"Como os munic\u00edpios podem se adequar \u00e0 Lei 14.904\/2024 e por que isso \u00e9 urgente"},"content":{"rendered":"\t\t<div data-elementor-type=\"wp-post\" data-elementor-id=\"1927\" class=\"elementor elementor-1927\">\n\t\t\t\t<div class=\"elementor-element elementor-element-174be38 e-flex e-con-boxed rt-default-class e-con e-parent\" data-id=\"174be38\" data-element_type=\"container\">\n\t\t\t\t\t<div class=\"e-con-inner\">\n\t\t\t\t<div class=\"elementor-element elementor-element-1dcc1150 rt-default-class elementor-widget elementor-widget-text-editor\" data-id=\"1dcc1150\" data-element_type=\"widget\" data-widget_type=\"text-editor.default\">\n\t\t\t\t<div class=\"elementor-widget-container\">\n\t\t\t\t\t\t\t\t\t\n<p><b>Introdu\u00e7\u00e3o:<\/b><b><br \/><\/b><span style=\"font-weight: 400;\"> Aprovada recentemente, a Lei 14.904\/2024 estabeleceu um novo marco legal para o planejamento clim\u00e1tico municipal. Mas afinal, o que ela exige dos munic\u00edpios e por que se antecipar \u00e9 uma vantagem estrat\u00e9gica?<\/span><\/p>\n<p><b>Desenvolvimento:<\/b><b><br \/><\/b><span style=\"font-weight: 400;\"> A lei torna obrigat\u00f3ria a elabora\u00e7\u00e3o de Planos Locais de Adapta\u00e7\u00e3o \u00e0 Mudan\u00e7a do Clima, prevendo a\u00e7\u00f5es espec\u00edficas de mitiga\u00e7\u00e3o e resili\u00eancia frente aos eventos extremos cada vez mais frequentes no Brasil, como inunda\u00e7\u00f5es, estiagens e deslizamentos. Para os munic\u00edpios, a n\u00e3o adequa\u00e7\u00e3o pode significar dificuldades no acesso a recursos p\u00fablicos, cr\u00edticas dos \u00f3rg\u00e3os de controle e vulnerabilidade jur\u00eddica.<\/span><span style=\"font-weight: 400;\"><br \/><\/span><span style=\"font-weight: 400;\"> Al\u00e9m disso, ela exige participa\u00e7\u00e3o popular, integra\u00e7\u00e3o com o planejamento urbano e uso de crit\u00e9rios t\u00e9cnicos e cient\u00edficos. A boa not\u00edcia \u00e9 que j\u00e1 existem metodologias e empresas especializadas para orientar esse processo de forma segura e eficiente.<\/span><\/p>\n<p><b>Conclus\u00e3o:<\/b><b><br \/><\/b><span style=\"font-weight: 400;\"> Adequar-se \u00e0 nova lei \u00e9 mais do que cumprir uma exig\u00eancia legal \u2014 \u00e9 proteger vidas, territ\u00f3rios e garantir uma gest\u00e3o p\u00fablica moderna e preparada. A Inovaclima atua exatamente nesse cen\u00e1rio, apoiando munic\u00edpios com planos completos e personalizados.<\/span><\/p>\n\t\t\t\t\t\t\t\t<\/div>\n\t\t\t\t<\/div>\n\t\t\t\t\t<\/div>\n\t\t\t\t<\/div>\n\t\t\t\t<\/div>\n\t\t","protected":false},"excerpt":{"rendered":"<p>Introdu\u00e7\u00e3o: Aprovada recentemente, a Lei 14.904\/2024 estabeleceu um novo marco legal para o planejamento clim\u00e1tico municipal. Mas afinal, o que ela exige dos munic\u00edpios e por que se antecipar \u00e9 uma vantagem estrat\u00e9gica? Desenvolvimento: A lei torna obrigat\u00f3ria a elabora\u00e7\u00e3o de Planos Locais de Adapta\u00e7\u00e3o \u00e0 Mudan\u00e7a do Clima, prevendo a\u00e7\u00f5es espec\u00edficas de mitiga\u00e7\u00e3o e&#8230;<\/p>\n","protected":false},"author":1,"featured_media":11138,"comment_status":"open","ping_status":"open","sticky":false,"template":"","format":"standard","meta":{"footnotes":""},"categories":[1],"tags":[23,29],"class_list":["post-1927","post","type-post","status-publish","format-standard","has-post-thumbnail","hentry","category-uncategorized","tag-ecology","tag-hydro"],"aioseo_notices":[],"_links":{"self":[{"href":"https:\/\/projeto87.doi2versos.com.br\/index.php\/wp-json\/wp\/v2\/posts\/1927","targetHints":{"allow":["GET"]}}],"collection":[{"href":"https:\/\/projeto87.doi2versos.com.br\/index.php\/wp-json\/wp\/v2\/posts"}],"about":[{"href":"https:\/\/projeto87.doi2versos.com.br\/index.php\/wp-json\/wp\/v2\/types\/post"}],"author":[{"embeddable":true,"href":"https:\/\/projeto87.doi2versos.com.br\/index.php\/wp-json\/wp\/v2\/users\/1"}],"replies":[{"embeddable":true,"href":"https:\/\/projeto87.doi2versos.com.br\/index.php\/wp-json\/wp\/v2\/comments?post=1927"}],"version-history":[{"count":4,"href":"https:\/\/projeto87.doi2versos.com.br\/index.php\/wp-json\/wp\/v2\/posts\/1927\/revisions"}],"predecessor-version":[{"id":10931,"href":"https:\/\/projeto87.doi2versos.com.br\/index.php\/wp-json\/wp\/v2\/posts\/1927\/revisions\/10931"}],"wp:featuredmedia":[{"embeddable":true,"href":"https:\/\/projeto87.doi2versos.com.br\/index.php\/wp-json\/wp\/v2\/media\/11138"}],"wp:attachment":[{"href":"https:\/\/projeto87.doi2versos.com.br\/index.php\/wp-json\/wp\/v2\/media?parent=1927"}],"wp:term":[{"taxonomy":"category","embeddable":true,"href":"https:\/\/projeto87.doi2versos.com.br\/index.php\/wp-json\/wp\/v2\/categories?post=1927"},{"taxonomy":"post_tag","embeddable":true,"href":"https:\/\/projeto87.doi2versos.com.br\/index.php\/wp-json\/wp\/v2\/tags?post=1927"}],"curies":[{"name":"wp","href":"https:\/\/api.w.org\/{rel}","templated":true}]}}